{"id":1584,"date":"2015-02-25T16:38:43","date_gmt":"2015-02-25T15:38:43","guid":{"rendered":"http:\/\/www.fcrostock.de\/?p=1584"},"modified":"2015-03-01T07:51:30","modified_gmt":"2015-03-01T06:51:30","slug":"info-tag-rund-ums-segelfliegen-am-21-3-2015","status":"publish","type":"post","link":"https:\/\/www.fcrostock.de\/?p=1584","title":{"rendered":"Info-Tag &#8222;Rund ums Segelfliegen&#8220; am 21.3.2015"},"content":{"rendered":"<div id=\"attachment_579\" style=\"width: 310px\" class=\"wp-caption alignleft\"><a href=\"https:\/\/www.fcrostock.de\/wp-content\/uploads\/2014\/01\/Bei-Schwerin2-e1424878094803.jpg\"><img loading=\"lazy\" decoding=\"async\" aria-describedby=\"caption-attachment-579\" class=\"size-medium wp-image-579\" src=\"https:\/\/www.fcrostock.de\/wp-content\/uploads\/2014\/01\/Bei-Schwerin2-e1424878094803-300x183.jpg\" alt=\"Bei Schwerin\" width=\"300\" height=\"183\" srcset=\"https:\/\/www.fcrostock.de\/wp-content\/uploads\/2014\/01\/Bei-Schwerin2-e1424878094803-300x183.jpg 300w, https:\/\/www.fcrostock.de\/wp-content\/uploads\/2014\/01\/Bei-Schwerin2-e1424878094803-150x92.jpg 150w, https:\/\/www.fcrostock.de\/wp-content\/uploads\/2014\/01\/Bei-Schwerin2-e1424878094803-1024x626.jpg 1024w, https:\/\/www.fcrostock.de\/wp-content\/uploads\/2014\/01\/Bei-Schwerin2-e1424878094803.jpg 1276w\" sizes=\"auto, (max-width: 300px) 100vw, 300px\" \/><\/a><p id=\"caption-attachment-579\" class=\"wp-caption-text\">2 Segelflugzeuge beim Thermikkreisen<\/p><\/div>\n<p>\u201e\u00dcber den Wolken muss die Freiheit wohl grenzenlos sein\u2026\u201c \u2013 dass diese Weisheit stimmt, davon kann nicht nur Reinhard Mey ein Lied singen. Auch die Pilotinnen und Piloten des Fliegerclub Rostock e.V., die sich jedes Jahr von M\u00e4rz bis Oktober in ihre Segelflugzeuge setzen, um das lautlose Fliegen an der Ostseek\u00fcste zu erleben, k\u00f6nnen dar\u00fcber viel erz\u00e4hlen. Es ist immer wieder sch\u00f6n, unter sich die Landschaft rund um Rostock in ihrem jahreszeitlich wechselnden Farbenspiel zu genie\u00dfen und \u00fcber sich nur die unendlichen Weiten des Himmels zu sehen. Und sich dabei fast so frei wie ein Vogel zu f\u00fchlen, nur getragen von Thermik, Wind und dem eigenen fliegerischen K\u00f6nnen.<\/p>\n<p>Wer mehr \u00fcber dieses ganz besondere Hobby erfahren und den Fliegerclub Rostock n\u00e4her kennenlernen m\u00f6chte, ist herzlich eingeladen, am 21.3.2015 um 13 Uhr auf dem Flugplatz Purkshof vorbeizuschauen. Neben einer kleinen Einf\u00fchrung in die Theorie des Segelfliegens wird es die M\u00f6glichkeit geben, Segelflugzeuge zu bestaunen und auch darin Platz zu nehmen. Vielleicht versp\u00fcrt ja der eine oder andere dann den Wunsch, in diesem Sommer selbst einmal mit einem erfahrenen Piloten des FCR \u201ein die Luft zu gehen\u201c und eventuell sogar, das Fliegen zu erlernen. Das Erlangen einer Segelfluglizenz ist ein wesentlicher Bestandteil der Vereinsarbeit und, gleich welchen Alters, ein lohnenswertes Ziel. Da die Ausbildung zum Piloten bereits mit 14 Jahren beginnen kann, sind auch Jugendliche in Begleitung ihrer Eltern auf dem Info-Tag willkommen.<\/p>\n<p>Mit einer gem\u00fctlichen Gespr\u00e4chsrunde wird sich dieser Tag dann gegen 16 Uhr dem Ende neigen \u2013 hoffentlich mit vielen neuen Erfahrungen rund ums Segelfliegen.<\/p>\n<p>Anmeldungen unter Angabe des Namens und der Anzahl der teilnehmenden bzw. begleitenden Personen bitte per Mail an anja@fcrostock.de.<\/p>\n<p><a href=\"https:\/\/www.fcrostock.de\/wp-content\/uploads\/2014\/01\/Foka_vor_Wolke1.jpg\"><img loading=\"lazy\" decoding=\"async\" class=\"alignleft size-medium wp-image-570\" src=\"https:\/\/www.fcrostock.de\/wp-content\/uploads\/2014\/01\/Foka_vor_Wolke1-300x225.jpg\" alt=\"Foka_vor_Wolke\" width=\"300\" height=\"225\" srcset=\"https:\/\/www.fcrostock.de\/wp-content\/uploads\/2014\/01\/Foka_vor_Wolke1-300x225.jpg 300w, https:\/\/www.fcrostock.de\/wp-content\/uploads\/2014\/01\/Foka_vor_Wolke1-150x112.jpg 150w, https:\/\/www.fcrostock.de\/wp-content\/uploads\/2014\/01\/Foka_vor_Wolke1-1024x768.jpg 1024w, https:\/\/www.fcrostock.de\/wp-content\/uploads\/2014\/01\/Foka_vor_Wolke1-900x675.jpg 900w, https:\/\/www.fcrostock.de\/wp-content\/uploads\/2014\/01\/Foka_vor_Wolke1.jpg 1408w\" sizes=\"auto, (max-width: 300px) 100vw, 300px\" \/><\/a><a href=\"https:\/\/www.fcrostock.de\/wp-content\/uploads\/2014\/01\/Segelpilot.jpg\"><img loading=\"lazy\" decoding=\"async\" class=\"alignright size-medium wp-image-562\" src=\"https:\/\/www.fcrostock.de\/wp-content\/uploads\/2014\/01\/Segelpilot-300x225.jpg\" alt=\"Segelpilot\" width=\"300\" height=\"225\" srcset=\"https:\/\/www.fcrostock.de\/wp-content\/uploads\/2014\/01\/Segelpilot-300x225.jpg 300w, https:\/\/www.fcrostock.de\/wp-content\/uploads\/2014\/01\/Segelpilot-150x112.jpg 150w, https:\/\/www.fcrostock.de\/wp-content\/uploads\/2014\/01\/Segelpilot-1024x768.jpg 1024w, https:\/\/www.fcrostock.de\/wp-content\/uploads\/2014\/01\/Segelpilot-900x675.jpg 900w, https:\/\/www.fcrostock.de\/wp-content\/uploads\/2014\/01\/Segelpilot.jpg 1500w\" sizes=\"auto, (max-width: 300px) 100vw, 300px\" \/><\/a><\/p>\n","protected":false},"excerpt":{"rendered":"<p>\u201e\u00dcber den Wolken muss die Freiheit wohl grenzenlos sein\u2026\u201c \u2013 dass diese Weisheit stimmt, davon kann nicht nur Reinhard Mey ein Lied singen. Auch die Pilotinnen und Piloten des Fliegerclub Rostock e.V., die sich jedes Jahr von M\u00e4rz bis Oktober in ihre Segelflugzeuge setzen, um das lautlose Fliegen an der Ostseek\u00fcste zu erleben, k\u00f6nnen dar\u00fcber [&hellip;]<\/p>\n","protected":false},"author":3,"featured_media":1051,"comment_status":"open","ping_status":"open","sticky":false,"template":"","format":"standard","meta":{"_jetpack_memberships_contains_paid_content":false,"footnotes":"","jetpack_publicize_message":"","jetpack_publicize_feature_enabled":true,"jetpack_social_post_already_shared":true,"jetpack_social_options":{"image_generator_settings":{"template":"highway","enabled":false},"version":2}},"categories":[3],"tags":[],"class_list":["post-1584","post","type-post","status-publish","format-standard","has-post-thumbnail","hentry","category-neuigkeiten-aus-dem-fliegerclub"],"jetpack_publicize_connections":[],"jetpack_featured_media_url":"https:\/\/www.fcrostock.de\/wp-content\/uploads\/2014\/04\/Puchacz.jpg","jetpack_sharing_enabled":true,"_links":{"self":[{"href":"https:\/\/www.fcrostock.de\/index.php?rest_route=\/wp\/v2\/posts\/1584","targetHints":{"allow":["GET"]}}],"collection":[{"href":"https:\/\/www.fcrostock.de\/index.php?rest_route=\/wp\/v2\/posts"}],"about":[{"href":"https:\/\/www.fcrostock.de\/index.php?rest_route=\/wp\/v2\/types\/post"}],"author":[{"embeddable":true,"href":"https:\/\/www.fcrostock.de\/index.php?rest_route=\/wp\/v2\/users\/3"}],"replies":[{"embeddable":true,"href":"https:\/\/www.fcrostock.de\/index.php?rest_route=%2Fwp%2Fv2%2Fcomments&post=1584"}],"version-history":[{"count":8,"href":"https:\/\/www.fcrostock.de\/index.php?rest_route=\/wp\/v2\/posts\/1584\/revisions"}],"predecessor-version":[{"id":1592,"href":"https:\/\/www.fcrostock.de\/index.php?rest_route=\/wp\/v2\/posts\/1584\/revisions\/1592"}],"wp:featuredmedia":[{"embeddable":true,"href":"https:\/\/www.fcrostock.de\/index.php?rest_route=\/wp\/v2\/media\/1051"}],"wp:attachment":[{"href":"https:\/\/www.fcrostock.de\/index.php?rest_route=%2Fwp%2Fv2%2Fmedia&parent=1584"}],"wp:term":[{"taxonomy":"category","embeddable":true,"href":"https:\/\/www.fcrostock.de\/index.php?rest_route=%2Fwp%2Fv2%2Fcategories&post=1584"},{"taxonomy":"post_tag","embeddable":true,"href":"https:\/\/www.fcrostock.de\/index.php?rest_route=%2Fwp%2Fv2%2Ftags&post=1584"}],"curies":[{"name":"wp","href":"https:\/\/api.w.org\/{rel}","templated":true}]}}