{"id":2479,"date":"2016-07-24T19:28:52","date_gmt":"2016-07-24T17:28:52","guid":{"rendered":"http:\/\/www.fcrostock.de\/?p=2479"},"modified":"2016-08-14T11:25:36","modified_gmt":"2016-08-14T09:25:36","slug":"fliegerlager-in-guestrow","status":"publish","type":"post","link":"https:\/\/www.fcrostock.de\/?p=2479","title":{"rendered":"Fliegerlager in G\u00fcstrow &#8211; Eine Art Tagebuch"},"content":{"rendered":"<p><img loading=\"lazy\" decoding=\"async\" class=\"alignleft size-medium wp-image-2485\" src=\"https:\/\/www.fcrostock.de\/wp-content\/uploads\/2016\/07\/Flieger-3-300x225.jpg\" alt=\"Flieger 3\" width=\"300\" height=\"225\" srcset=\"https:\/\/www.fcrostock.de\/wp-content\/uploads\/2016\/07\/Flieger-3-300x225.jpg 300w, https:\/\/www.fcrostock.de\/wp-content\/uploads\/2016\/07\/Flieger-3-150x113.jpg 150w, https:\/\/www.fcrostock.de\/wp-content\/uploads\/2016\/07\/Flieger-3-768x576.jpg 768w, https:\/\/www.fcrostock.de\/wp-content\/uploads\/2016\/07\/Flieger-3.jpg 1024w\" sizes=\"auto, (max-width: 300px) 100vw, 300px\" \/>TAG 1:<\/p>\n<p>Am Samstag herrschte schon in den fr\u00fchen Morgenstunden reges Treiben auf dem Flugplatz Purkshof. Flugsch\u00fcler, Lehrer und etliche Helfer trafen die letzten Vorbereitungen f\u00fcr das anstehende Fliegerlager auf dem Flugplatz G\u00fcstrow. W\u00e4hrend die zwei vereinseigenen Segelflugzeuge vom Typ Puchacz sowie der zur Schulung eingesetzte Astir per F-Schlepp nach G\u00fcstrow \u00fcberf\u00fchrt wurden, traten der Astir 77 sowie einige Anh\u00e4nger ihre Reise auf vier R\u00e4dern an. In G\u00fcstrow angekommen, schlugen die Flugsch\u00fcler ihre Zelte auf, machten sich mit den Flugplatzgegebenheiten vertraut und genossen das sonnige Ferienwetter.<\/p>\n<p>Den Freunden des Aero Club von G\u00fcstrow e.V. ein herzliches Dankesch\u00f6n f\u00fcr ihre Gastfreundschaft! Vielen Dank an dieser Stelle auch an Heinz Kilian und seine Tochter Claudia f\u00fcr die Organisation und die Betreuung der Teilnehmer vor Ort! Wir w\u00fcnschen euch f\u00fcr die kommenden Tage bestes Wetter und allzeit eine gute Landung!<\/p>\n<p><img loading=\"lazy\" decoding=\"async\" class=\"alignleft size-medium wp-image-2483\" src=\"https:\/\/www.fcrostock.de\/wp-content\/uploads\/2016\/07\/Zelt-300x225.jpg\" alt=\"Zelt\" width=\"300\" height=\"225\" srcset=\"https:\/\/www.fcrostock.de\/wp-content\/uploads\/2016\/07\/Zelt-300x225.jpg 300w, https:\/\/www.fcrostock.de\/wp-content\/uploads\/2016\/07\/Zelt-150x113.jpg 150w, https:\/\/www.fcrostock.de\/wp-content\/uploads\/2016\/07\/Zelt-768x576.jpg 768w, https:\/\/www.fcrostock.de\/wp-content\/uploads\/2016\/07\/Zelt.jpg 1024w\" sizes=\"auto, (max-width: 300px) 100vw, 300px\" \/><img loading=\"lazy\" decoding=\"async\" class=\"alignright size-medium wp-image-2480\" src=\"https:\/\/www.fcrostock.de\/wp-content\/uploads\/2016\/07\/Camper-300x225.jpg\" alt=\"Camper\" width=\"300\" height=\"225\" srcset=\"https:\/\/www.fcrostock.de\/wp-content\/uploads\/2016\/07\/Camper-300x225.jpg 300w, https:\/\/www.fcrostock.de\/wp-content\/uploads\/2016\/07\/Camper-150x113.jpg 150w, https:\/\/www.fcrostock.de\/wp-content\/uploads\/2016\/07\/Camper-768x576.jpg 768w, https:\/\/www.fcrostock.de\/wp-content\/uploads\/2016\/07\/Camper.jpg 1024w\" sizes=\"auto, (max-width: 300px) 100vw, 300px\" \/><\/p>\n<p><img loading=\"lazy\" decoding=\"async\" class=\"alignleft size-medium wp-image-2492\" src=\"https:\/\/www.fcrostock.de\/wp-content\/uploads\/2016\/07\/G\u00fcstrow-1-300x180.jpg\" alt=\"G\u00fcstrow 1\" width=\"300\" height=\"180\" srcset=\"https:\/\/www.fcrostock.de\/wp-content\/uploads\/2016\/07\/G\u00fcstrow-1-300x180.jpg 300w, https:\/\/www.fcrostock.de\/wp-content\/uploads\/2016\/07\/G\u00fcstrow-1-150x90.jpg 150w, https:\/\/www.fcrostock.de\/wp-content\/uploads\/2016\/07\/G\u00fcstrow-1-768x460.jpg 768w, https:\/\/www.fcrostock.de\/wp-content\/uploads\/2016\/07\/G\u00fcstrow-1-200x120.jpg 200w, https:\/\/www.fcrostock.de\/wp-content\/uploads\/2016\/07\/G\u00fcstrow-1.jpg 869w\" sizes=\"auto, (max-width: 300px) 100vw, 300px\" \/>TAG 2 bis 4:<\/p>\n<p>Nachdem der erste Lehrgangstag fliegerisch gut genutzt wurde und sich die Rostocker Flugsch\u00fcler den Platz und seine Umgebung aus der Luft ansehen konnten, versagte die G\u00fcstrower Winde am Montag leider ihren Dienst. Ersatz musste her. Kurzerhand wurde die Rostocker Tost-Winde, selbst nicht mehr stra\u00dfentauglich, huckepack nach G\u00fcstrow geholt. Die G\u00fcstrower Windenfahrer machten sich mit der f\u00fcr sie ungewohnten Technik vertraut und schon bald hoben die Segelflieger wieder vom Boden ab. Das sch\u00f6ne Wetter bescherte den Piloten so manchen Thermikflug und auch auf der Winde herrschte gute Stimmung.<\/p>\n<p><img loading=\"lazy\" decoding=\"async\" class=\"alignleft wp-image-2494\" src=\"https:\/\/www.fcrostock.de\/wp-content\/uploads\/2016\/07\/G\u00fcstrow-3-300x179.jpg\" alt=\"G\u00fcstrow 3\" width=\"288\" height=\"172\" srcset=\"https:\/\/www.fcrostock.de\/wp-content\/uploads\/2016\/07\/G\u00fcstrow-3-300x179.jpg 300w, https:\/\/www.fcrostock.de\/wp-content\/uploads\/2016\/07\/G\u00fcstrow-3-150x90.jpg 150w, https:\/\/www.fcrostock.de\/wp-content\/uploads\/2016\/07\/G\u00fcstrow-3-768x459.jpg 768w, https:\/\/www.fcrostock.de\/wp-content\/uploads\/2016\/07\/G\u00fcstrow-3-200x120.jpg 200w, https:\/\/www.fcrostock.de\/wp-content\/uploads\/2016\/07\/G\u00fcstrow-3.jpg 963w\" sizes=\"auto, (max-width: 288px) 100vw, 288px\" \/><img loading=\"lazy\" decoding=\"async\" class=\"alignright wp-image-2493\" src=\"https:\/\/www.fcrostock.de\/wp-content\/uploads\/2016\/07\/G\u00fcstrow-2-300x169.jpg\" alt=\"G\u00fcstrow 2\" width=\"305\" height=\"172\" srcset=\"https:\/\/www.fcrostock.de\/wp-content\/uploads\/2016\/07\/G\u00fcstrow-2-300x169.jpg 300w, https:\/\/www.fcrostock.de\/wp-content\/uploads\/2016\/07\/G\u00fcstrow-2-150x84.jpg 150w, https:\/\/www.fcrostock.de\/wp-content\/uploads\/2016\/07\/G\u00fcstrow-2-768x432.jpg 768w, https:\/\/www.fcrostock.de\/wp-content\/uploads\/2016\/07\/G\u00fcstrow-2.jpg 1024w\" sizes=\"auto, (max-width: 305px) 100vw, 305px\" \/><\/p>\n<p>&nbsp;<\/p>\n<p>&nbsp;<\/p>\n<p>&nbsp;<\/p>\n<p>&nbsp;<\/p>\n<p>&nbsp;<\/p>\n<p>TAG 5:<\/p>\n<p>Zum Unmut aller brachte der n\u00e4chste Tag den angek\u00fcndigten Regen. Und was macht ein Pilot, wenn er nicht fliegen kann? Sich mit der Theorie besch\u00e4ftigen. Angeleitet von Manfred Vikenty und Heinz Kilian frischten die Flugsch\u00fcler ihr Wissen zur Navigation auf. Daniel Bierlich und Ivo Behnke studierten eifrig das Handbuch des einsitzigen Segelflugzeuges &#8222;Astir&#8220;, denn in den n\u00e4chsten Tagen sollen sie auf diesen Typ umgeschult werden. Der Nachmittag wurde genutzt, um miteinander die Bowlingkugel zu schwingen und im \u00f6rtlichen See abzutauchen.<\/p>\n<p><img loading=\"lazy\" decoding=\"async\" class=\"alignleft wp-image-2496\" src=\"https:\/\/www.fcrostock.de\/wp-content\/uploads\/2016\/07\/G\u00fcstrow-5-300x169.jpg\" alt=\"G\u00fcstrow 5\" width=\"296\" height=\"167\" srcset=\"https:\/\/www.fcrostock.de\/wp-content\/uploads\/2016\/07\/G\u00fcstrow-5-300x169.jpg 300w, https:\/\/www.fcrostock.de\/wp-content\/uploads\/2016\/07\/G\u00fcstrow-5-150x84.jpg 150w, https:\/\/www.fcrostock.de\/wp-content\/uploads\/2016\/07\/G\u00fcstrow-5-768x432.jpg 768w, https:\/\/www.fcrostock.de\/wp-content\/uploads\/2016\/07\/G\u00fcstrow-5.jpg 1024w\" sizes=\"auto, (max-width: 296px) 100vw, 296px\" \/><img loading=\"lazy\" decoding=\"async\" class=\"alignright wp-image-2495\" src=\"https:\/\/www.fcrostock.de\/wp-content\/uploads\/2016\/07\/G\u00fcstrow-4-300x182.jpg\" alt=\"G\u00fcstrow 4\" width=\"277\" height=\"168\" srcset=\"https:\/\/www.fcrostock.de\/wp-content\/uploads\/2016\/07\/G\u00fcstrow-4-300x182.jpg 300w, https:\/\/www.fcrostock.de\/wp-content\/uploads\/2016\/07\/G\u00fcstrow-4-150x91.jpg 150w, https:\/\/www.fcrostock.de\/wp-content\/uploads\/2016\/07\/G\u00fcstrow-4-768x465.jpg 768w, https:\/\/www.fcrostock.de\/wp-content\/uploads\/2016\/07\/G\u00fcstrow-4-200x120.jpg 200w, https:\/\/www.fcrostock.de\/wp-content\/uploads\/2016\/07\/G\u00fcstrow-4.jpg 951w\" sizes=\"auto, (max-width: 277px) 100vw, 277px\" \/><\/p>\n<p>&nbsp;<\/p>\n<p>&nbsp;<\/p>\n<p>&nbsp;<\/p>\n<p>&nbsp;<\/p>\n<p>&nbsp;<\/p>\n<p>TAG 6:<\/p>\n<p>Die Wetterfr\u00f6sche sagten Sonnenschein voraus, also hie\u00df es: Fr\u00fch ausr\u00e4umen und die Flieger an den Start ziehen. Ob Start und Landung, Kurvenflug oder erstes &#8222;Schnupperfliegen&#8220; &#8211; die Sch\u00fcler kamen ordentlich in ihrer Ausbildung voran. Auch unsere Remorqueur schaute kurz in G\u00fcstrow vorbei, um einen Fliegerfreund aus D\u00e4nemark gen Heimat zu schleppen.<\/p>\n<p><img loading=\"lazy\" decoding=\"async\" class=\"alignleft size-medium wp-image-2508\" src=\"https:\/\/www.fcrostock.de\/wp-content\/uploads\/2016\/08\/Jugend-300x200.jpg\" alt=\"Jugend\" width=\"300\" height=\"200\" srcset=\"https:\/\/www.fcrostock.de\/wp-content\/uploads\/2016\/08\/Jugend-300x200.jpg 300w, https:\/\/www.fcrostock.de\/wp-content\/uploads\/2016\/08\/Jugend-150x100.jpg 150w, https:\/\/www.fcrostock.de\/wp-content\/uploads\/2016\/08\/Jugend-768x512.jpg 768w, https:\/\/www.fcrostock.de\/wp-content\/uploads\/2016\/08\/Jugend.jpg 1024w\" sizes=\"auto, (max-width: 300px) 100vw, 300px\" \/><img loading=\"lazy\" decoding=\"async\" class=\"alignright size-medium wp-image-2514\" src=\"https:\/\/www.fcrostock.de\/wp-content\/uploads\/2016\/08\/Flug-300x200.jpg\" alt=\"Flug\" width=\"300\" height=\"200\" srcset=\"https:\/\/www.fcrostock.de\/wp-content\/uploads\/2016\/08\/Flug-300x200.jpg 300w, https:\/\/www.fcrostock.de\/wp-content\/uploads\/2016\/08\/Flug-150x100.jpg 150w, https:\/\/www.fcrostock.de\/wp-content\/uploads\/2016\/08\/Flug-768x512.jpg 768w, https:\/\/www.fcrostock.de\/wp-content\/uploads\/2016\/08\/Flug.jpg 1024w\" sizes=\"auto, (max-width: 300px) 100vw, 300px\" \/><\/p>\n<p><img loading=\"lazy\" decoding=\"async\" class=\"alignleft size-medium wp-image-2500\" src=\"https:\/\/www.fcrostock.de\/wp-content\/uploads\/2016\/07\/Gruppe-2-300x169.jpg\" alt=\"Gruppe 2\" width=\"300\" height=\"169\" srcset=\"https:\/\/www.fcrostock.de\/wp-content\/uploads\/2016\/07\/Gruppe-2-300x169.jpg 300w, https:\/\/www.fcrostock.de\/wp-content\/uploads\/2016\/07\/Gruppe-2-150x84.jpg 150w, https:\/\/www.fcrostock.de\/wp-content\/uploads\/2016\/07\/Gruppe-2-768x432.jpg 768w, https:\/\/www.fcrostock.de\/wp-content\/uploads\/2016\/07\/Gruppe-2.jpg 1024w\" sizes=\"auto, (max-width: 300px) 100vw, 300px\" \/><img loading=\"lazy\" decoding=\"async\" class=\"alignright size-medium wp-image-2501\" src=\"https:\/\/www.fcrostock.de\/wp-content\/uploads\/2016\/07\/Gruppe-300x169.jpg\" alt=\"Gruppe\" width=\"300\" height=\"169\" srcset=\"https:\/\/www.fcrostock.de\/wp-content\/uploads\/2016\/07\/Gruppe-300x169.jpg 300w, https:\/\/www.fcrostock.de\/wp-content\/uploads\/2016\/07\/Gruppe-150x84.jpg 150w, https:\/\/www.fcrostock.de\/wp-content\/uploads\/2016\/07\/Gruppe-768x432.jpg 768w, https:\/\/www.fcrostock.de\/wp-content\/uploads\/2016\/07\/Gruppe.jpg 1024w\" sizes=\"auto, (max-width: 300px) 100vw, 300px\" \/><\/p>\n<p>Ivo und Daniel waren gut auf ihre Umschulung im Astir vorbereitet. Nun durften sie also in diesen\u00a0 Einsitzer einsteigen und ihre ersten Runden \u00fcber dem Platz drehen. Dabei waren sie per Funk mit ihrem Fluglehrer Peter Rohde verbunden, der ihnen vom Boden aus genau zuschaute. Gut gemacht, Jungs!<\/p>\n<p><img loading=\"lazy\" decoding=\"async\" class=\"alignleft size-medium wp-image-2502\" src=\"https:\/\/www.fcrostock.de\/wp-content\/uploads\/2016\/07\/Ivo-1-300x169.jpg\" alt=\"Ivo 1\" width=\"300\" height=\"169\" srcset=\"https:\/\/www.fcrostock.de\/wp-content\/uploads\/2016\/07\/Ivo-1-300x169.jpg 300w, https:\/\/www.fcrostock.de\/wp-content\/uploads\/2016\/07\/Ivo-1-150x84.jpg 150w, https:\/\/www.fcrostock.de\/wp-content\/uploads\/2016\/07\/Ivo-1-768x432.jpg 768w, https:\/\/www.fcrostock.de\/wp-content\/uploads\/2016\/07\/Ivo-1.jpg 1024w\" sizes=\"auto, (max-width: 300px) 100vw, 300px\" \/><img loading=\"lazy\" decoding=\"async\" class=\"alignright size-medium wp-image-2503\" src=\"https:\/\/www.fcrostock.de\/wp-content\/uploads\/2016\/07\/Ivo-2-300x169.jpg\" alt=\"Ivo 2\" width=\"300\" height=\"169\" srcset=\"https:\/\/www.fcrostock.de\/wp-content\/uploads\/2016\/07\/Ivo-2-300x169.jpg 300w, https:\/\/www.fcrostock.de\/wp-content\/uploads\/2016\/07\/Ivo-2-150x84.jpg 150w, https:\/\/www.fcrostock.de\/wp-content\/uploads\/2016\/07\/Ivo-2-768x432.jpg 768w, https:\/\/www.fcrostock.de\/wp-content\/uploads\/2016\/07\/Ivo-2.jpg 1024w\" sizes=\"auto, (max-width: 300px) 100vw, 300px\" \/><\/p>\n<p><img loading=\"lazy\" decoding=\"async\" class=\"alignleft size-medium wp-image-2498\" src=\"https:\/\/www.fcrostock.de\/wp-content\/uploads\/2016\/07\/Daniel-1-300x169.jpg\" alt=\"Daniel 1\" width=\"300\" height=\"169\" srcset=\"https:\/\/www.fcrostock.de\/wp-content\/uploads\/2016\/07\/Daniel-1-300x169.jpg 300w, https:\/\/www.fcrostock.de\/wp-content\/uploads\/2016\/07\/Daniel-1-150x84.jpg 150w, https:\/\/www.fcrostock.de\/wp-content\/uploads\/2016\/07\/Daniel-1-768x432.jpg 768w, https:\/\/www.fcrostock.de\/wp-content\/uploads\/2016\/07\/Daniel-1.jpg 1024w\" sizes=\"auto, (max-width: 300px) 100vw, 300px\" \/><img loading=\"lazy\" decoding=\"async\" class=\"alignright size-medium wp-image-2499\" src=\"https:\/\/www.fcrostock.de\/wp-content\/uploads\/2016\/07\/Daniel-2-300x169.jpg\" alt=\"Daniel 2\" width=\"300\" height=\"169\" srcset=\"https:\/\/www.fcrostock.de\/wp-content\/uploads\/2016\/07\/Daniel-2-300x169.jpg 300w, https:\/\/www.fcrostock.de\/wp-content\/uploads\/2016\/07\/Daniel-2-150x84.jpg 150w, https:\/\/www.fcrostock.de\/wp-content\/uploads\/2016\/07\/Daniel-2-768x432.jpg 768w, https:\/\/www.fcrostock.de\/wp-content\/uploads\/2016\/07\/Daniel-2.jpg 1024w\" sizes=\"auto, (max-width: 300px) 100vw, 300px\" \/><\/p>\n<p>TAG 7 und 8:<\/p>\n<p>Dass die Fliegerei auch M\u00e4dchen begeistern kann, zeigt die 15j\u00e4hrige Mia Finck. Von ihrem Opa Heinz Kilian, selbst Pilot im FCR, hatte sie schon viel \u00fcber dieses Hobby erfahren. Zu Beginn des Fliegerlagers erlebte sie nun ihren ersten Segelflug &#8211; und war restlos begeistert. In G\u00fcstrow absolvierte Mia zehn Schnupperstarts und war auch danach noch davon \u00fcberzeugt: Ja, ich will fliegen lernen! Jetzt steuert sie als Flugsch\u00fclerin in Begleitung des Lehrers Manfred Vikenty selbst den Puchacz und dreht am Himmel ihre Kreise. Viel Erfolg bei der Ausbildung, Mia!<\/p>\n<p><img loading=\"lazy\" decoding=\"async\" class=\"alignleft wp-image-2509\" src=\"https:\/\/www.fcrostock.de\/wp-content\/uploads\/2016\/08\/Mia-1-300x176.jpg\" alt=\"Mia 1\" width=\"288\" height=\"169\" srcset=\"https:\/\/www.fcrostock.de\/wp-content\/uploads\/2016\/08\/Mia-1-300x176.jpg 300w, https:\/\/www.fcrostock.de\/wp-content\/uploads\/2016\/08\/Mia-1-150x88.jpg 150w, https:\/\/www.fcrostock.de\/wp-content\/uploads\/2016\/08\/Mia-1.jpg 619w\" sizes=\"auto, (max-width: 288px) 100vw, 288px\" \/><img loading=\"lazy\" decoding=\"async\" class=\"alignright size-medium wp-image-2510\" src=\"https:\/\/www.fcrostock.de\/wp-content\/uploads\/2016\/08\/Mia-2-300x169.jpg\" alt=\"Mia 2\" width=\"300\" height=\"169\" srcset=\"https:\/\/www.fcrostock.de\/wp-content\/uploads\/2016\/08\/Mia-2-300x169.jpg 300w, https:\/\/www.fcrostock.de\/wp-content\/uploads\/2016\/08\/Mia-2-150x84.jpg 150w, https:\/\/www.fcrostock.de\/wp-content\/uploads\/2016\/08\/Mia-2-768x432.jpg 768w, https:\/\/www.fcrostock.de\/wp-content\/uploads\/2016\/08\/Mia-2.jpg 1024w\" sizes=\"auto, (max-width: 300px) 100vw, 300px\" \/><\/p>\n<p>&nbsp;<\/p>\n<p>&nbsp;<\/p>\n<p>&nbsp;<\/p>\n<p>&nbsp;<\/p>\n<p>&nbsp;<\/p>\n<p>Am Samstag wurde z\u00fcnftig Bergfest gefeiert. Mit Schwein am Spie\u00df und jeder Menge Spa\u00df und guter Laune lie\u00dfen die Teilnehmer die erste Lehrgangswoche ausklingen.<\/p>\n<p><img loading=\"lazy\" decoding=\"async\" class=\"alignleft wp-image-2506\" src=\"https:\/\/www.fcrostock.de\/wp-content\/uploads\/2016\/07\/Schwein-300x169.jpg\" alt=\"Schwein\" width=\"320\" height=\"180\" srcset=\"https:\/\/www.fcrostock.de\/wp-content\/uploads\/2016\/07\/Schwein-300x169.jpg 300w, https:\/\/www.fcrostock.de\/wp-content\/uploads\/2016\/07\/Schwein-150x84.jpg 150w, https:\/\/www.fcrostock.de\/wp-content\/uploads\/2016\/07\/Schwein-768x432.jpg 768w, https:\/\/www.fcrostock.de\/wp-content\/uploads\/2016\/07\/Schwein-1024x576.jpg 1024w, https:\/\/www.fcrostock.de\/wp-content\/uploads\/2016\/07\/Schwein.jpg 1600w\" sizes=\"auto, (max-width: 320px) 100vw, 320px\" \/><img loading=\"lazy\" decoding=\"async\" class=\"alignright wp-image-2511\" src=\"https:\/\/www.fcrostock.de\/wp-content\/uploads\/2016\/08\/Party-300x200.jpg\" alt=\"Party\" width=\"270\" height=\"180\" srcset=\"https:\/\/www.fcrostock.de\/wp-content\/uploads\/2016\/08\/Party-300x200.jpg 300w, https:\/\/www.fcrostock.de\/wp-content\/uploads\/2016\/08\/Party-150x100.jpg 150w, https:\/\/www.fcrostock.de\/wp-content\/uploads\/2016\/08\/Party-768x512.jpg 768w, https:\/\/www.fcrostock.de\/wp-content\/uploads\/2016\/08\/Party.jpg 1024w\" sizes=\"auto, (max-width: 270px) 100vw, 270px\" \/><\/p>\n<p><img loading=\"lazy\" decoding=\"async\" class=\"alignleft wp-image-2512\" src=\"https:\/\/www.fcrostock.de\/wp-content\/uploads\/2016\/08\/Pizza-300x225.jpg\" alt=\"Pizza\" width=\"320\" height=\"240\" srcset=\"https:\/\/www.fcrostock.de\/wp-content\/uploads\/2016\/08\/Pizza-300x225.jpg 300w, https:\/\/www.fcrostock.de\/wp-content\/uploads\/2016\/08\/Pizza-150x113.jpg 150w, https:\/\/www.fcrostock.de\/wp-content\/uploads\/2016\/08\/Pizza-768x576.jpg 768w, https:\/\/www.fcrostock.de\/wp-content\/uploads\/2016\/08\/Pizza.jpg 1024w\" sizes=\"auto, (max-width: 320px) 100vw, 320px\" \/>TAG 9 bis 11:<\/p>\n<p>Petrus, der Wettergott, hatte ein Einsehen mit den Piloten des FCR und schickte neben vereinzelten Schauern auch viele Sonnenstrahlen zur Erde, so dass etliche Platzrunden gedreht werden konnten. Doch mit den ersehnten stundenlangen Fl\u00fcgen wollte es nicht so richtig klappen. Deshalb versuchten es Ivo und Daniel mit der &#8222;Original G\u00fcstrower Thermik-Pizza&#8220;. Daf\u00fcr stieg Ivo extra noch einmal aus dem Astir aus und lie\u00df es sich schmecken. Auch wenn die Pizza nicht den gew\u00fcnschten Effekt brachte &#8211; der Spa\u00df war es allemal wert.<\/p>\n<p>TAG 12 bis 15:<\/p>\n<p>Auch wenn an den letzten Tagen des Fliegerlagers fast nur noch Rostocker Piloten ihre Kreise \u00fcber G\u00fcstrow drehten, wurde jede Gelegenheit genutzt, um in die Luft zu kommen. Fiete, Ivo und Daniel bereiteten sich intensiv auf das Landesjugendvergleichsfliegen, an dem sie in gut zwei Wochen teilnehmen, vor. Tobias Vormbrocke kam seinem ersten Alleinflug ein ganzes St\u00fcck n\u00e4her. Fluglehrer Frank Adam war sichtlich zufrieden mit seinem Sch\u00fctzling. Ein Flugobjekt ganz anderer Art beherrschte Hans-Dieter Kachant. Er lie\u00df auf dem Vorfeld einen bunten Drachen gen Himmel steigen.<\/p>\n<p><img loading=\"lazy\" decoding=\"async\" class=\"alignleft size-medium wp-image-2519\" src=\"https:\/\/www.fcrostock.de\/wp-content\/uploads\/2016\/07\/Tobias-300x225.jpg\" alt=\"Tobias\" width=\"300\" height=\"225\" srcset=\"https:\/\/www.fcrostock.de\/wp-content\/uploads\/2016\/07\/Tobias-300x225.jpg 300w, https:\/\/www.fcrostock.de\/wp-content\/uploads\/2016\/07\/Tobias-150x113.jpg 150w, https:\/\/www.fcrostock.de\/wp-content\/uploads\/2016\/07\/Tobias-768x576.jpg 768w, https:\/\/www.fcrostock.de\/wp-content\/uploads\/2016\/07\/Tobias.jpg 1024w\" sizes=\"auto, (max-width: 300px) 100vw, 300px\" \/> <img loading=\"lazy\" decoding=\"async\" class=\"size-medium wp-image-2520 alignright\" src=\"https:\/\/www.fcrostock.de\/wp-content\/uploads\/2016\/07\/Drachen-300x225.jpg\" alt=\"Drachen\" width=\"300\" height=\"225\" srcset=\"https:\/\/www.fcrostock.de\/wp-content\/uploads\/2016\/07\/Drachen-300x225.jpg 300w, https:\/\/www.fcrostock.de\/wp-content\/uploads\/2016\/07\/Drachen-150x113.jpg 150w, https:\/\/www.fcrostock.de\/wp-content\/uploads\/2016\/07\/Drachen-768x576.jpg 768w, https:\/\/www.fcrostock.de\/wp-content\/uploads\/2016\/07\/Drachen.jpg 1024w\" sizes=\"auto, (max-width: 300px) 100vw, 300px\" \/><img loading=\"lazy\" decoding=\"async\" class=\"alignleft size-medium wp-image-2524\" src=\"https:\/\/www.fcrostock.de\/wp-content\/uploads\/2016\/07\/Lucas-169x300.jpg\" alt=\"Lucas\" width=\"169\" height=\"300\" srcset=\"https:\/\/www.fcrostock.de\/wp-content\/uploads\/2016\/07\/Lucas-169x300.jpg 169w, https:\/\/www.fcrostock.de\/wp-content\/uploads\/2016\/07\/Lucas-84x150.jpg 84w, https:\/\/www.fcrostock.de\/wp-content\/uploads\/2016\/07\/Lucas-768x1365.jpg 768w, https:\/\/www.fcrostock.de\/wp-content\/uploads\/2016\/07\/Lucas-576x1024.jpg 576w, https:\/\/www.fcrostock.de\/wp-content\/uploads\/2016\/07\/Lucas.jpg 1024w\" sizes=\"auto, (max-width: 169px) 100vw, 169px\" \/>TAG 16:<\/p>\n<p>Aufbruchstimmung im G\u00fcstrower Camp. Es galt, die Flugzeuge f\u00fcr die R\u00fcckreise nach Purkshof vorzubereiten, die Zelte einzupacken und die Wohnwagen abfahrbereit zu machen.<\/p>\n<p>Auch wenn das Wetter durchwachsen und der Himmel nur selten so voller Wolken war wie hier beim Flug des Sch\u00fclers Lucas Schwarz, hatten doch alle viel Spa\u00df beim Fliegen und konnten ordentlich viele Starts f\u00fcr sich verbuchen.<\/p>\n<p>Insgesamt hoben die Rostocker Flieger 262 mal vom Boden ab und erreichten eine Gesamtflugzeit von 49 Stunden.<\/p>\n<p>Danke an alle, die dabei waren, ob als Pilot, Betreuer oder Helfer!<\/p>\n<p><img loading=\"lazy\" decoding=\"async\" class=\"aligncenter size-large wp-image-2525\" src=\"https:\/\/www.fcrostock.de\/wp-content\/uploads\/2016\/07\/Gruppe-1-1024x576.jpg\" alt=\"Gruppe\" width=\"627\" height=\"353\" srcset=\"https:\/\/www.fcrostock.de\/wp-content\/uploads\/2016\/07\/Gruppe-1.jpg 1024w, https:\/\/www.fcrostock.de\/wp-content\/uploads\/2016\/07\/Gruppe-1-150x84.jpg 150w, https:\/\/www.fcrostock.de\/wp-content\/uploads\/2016\/07\/Gruppe-1-300x169.jpg 300w, https:\/\/www.fcrostock.de\/wp-content\/uploads\/2016\/07\/Gruppe-1-768x432.jpg 768w\" sizes=\"auto, (max-width: 627px) 100vw, 627px\" \/><\/p>\n<p>&nbsp;<\/p>\n","protected":false},"excerpt":{"rendered":"<p>TAG 1: Am Samstag herrschte schon in den fr\u00fchen Morgenstunden reges Treiben auf dem Flugplatz Purkshof. Flugsch\u00fcler, Lehrer und etliche Helfer trafen die letzten Vorbereitungen f\u00fcr das anstehende Fliegerlager auf dem Flugplatz G\u00fcstrow. W\u00e4hrend die zwei vereinseigenen Segelflugzeuge vom Typ Puchacz sowie der zur Schulung eingesetzte Astir per F-Schlepp nach G\u00fcstrow \u00fcberf\u00fchrt wurden, traten der [&hellip;]<\/p>\n","protected":false},"author":3,"featured_media":2482,"comment_status":"open","ping_status":"open","sticky":false,"template":"","format":"standard","meta":{"_jetpack_memberships_contains_paid_content":false,"footnotes":"","jetpack_publicize_message":"","jetpack_publicize_feature_enabled":true,"jetpack_social_post_already_shared":true,"jetpack_social_options":{"image_generator_settings":{"template":"highway","enabled":false},"version":2}},"categories":[3],"tags":[],"class_list":["post-2479","post","type-post","status-publish","format-standard","has-post-thumbnail","hentry","category-neuigkeiten-aus-dem-fliegerclub"],"jetpack_publicize_connections":[],"jetpack_featured_media_url":"https:\/\/www.fcrostock.de\/wp-content\/uploads\/2016\/07\/Flieger-2.jpg","jetpack_sharing_enabled":true,"_links":{"self":[{"href":"https:\/\/www.fcrostock.de\/index.php?rest_route=\/wp\/v2\/posts\/2479","targetHints":{"allow":["GET"]}}],"collection":[{"href":"https:\/\/www.fcrostock.de\/index.php?rest_route=\/wp\/v2\/posts"}],"about":[{"href":"https:\/\/www.fcrostock.de\/index.php?rest_route=\/wp\/v2\/types\/post"}],"author":[{"embeddable":true,"href":"https:\/\/www.fcrostock.de\/index.php?rest_route=\/wp\/v2\/users\/3"}],"replies":[{"embeddable":true,"href":"https:\/\/www.fcrostock.de\/index.php?rest_route=%2Fwp%2Fv2%2Fcomments&post=2479"}],"version-history":[{"count":19,"href":"https:\/\/www.fcrostock.de\/index.php?rest_route=\/wp\/v2\/posts\/2479\/revisions"}],"predecessor-version":[{"id":2535,"href":"https:\/\/www.fcrostock.de\/index.php?rest_route=\/wp\/v2\/posts\/2479\/revisions\/2535"}],"wp:featuredmedia":[{"embeddable":true,"href":"https:\/\/www.fcrostock.de\/index.php?rest_route=\/wp\/v2\/media\/2482"}],"wp:attachment":[{"href":"https:\/\/www.fcrostock.de\/index.php?rest_route=%2Fwp%2Fv2%2Fmedia&parent=2479"}],"wp:term":[{"taxonomy":"category","embeddable":true,"href":"https:\/\/www.fcrostock.de\/index.php?rest_route=%2Fwp%2Fv2%2Fcategories&post=2479"},{"taxonomy":"post_tag","embeddable":true,"href":"https:\/\/www.fcrostock.de\/index.php?rest_route=%2Fwp%2Fv2%2Ftags&post=2479"}],"curies":[{"name":"wp","href":"https:\/\/api.w.org\/{rel}","templated":true}]}}